{"id":1855,"date":"2026-09-01T17:48:30","date_gmt":"2026-09-01T17:48:30","guid":{"rendered":"http:\/\/freunde-historischer-faltboote.de\/?p=1855"},"modified":"2026-09-01T18:04:09","modified_gmt":"2026-09-01T18:04:09","slug":"isarregatta-2026-mit-fluss-film-festival-und-historischem-zeltlager","status":"publish","type":"post","link":"https:\/\/freunde-historischer-faltboote.de\/?p=1855","title":{"rendered":"Isarregatta 2026 mit Fluss-Film-Festival und historischem Zeltlager"},"content":{"rendered":"<h4>Wir laden euch ein mit dem Schreiben von Frau Hinterstocker zum Flu\u00dffilmfestival, zur Isarregatta und zum historischen Zeltlager mit Bootsausstellung in Bad T\u00f6lz vom 10 bis 13. September 2026.<\/h4>\n<h4>Das Zeltlager mit Bootsausstellung richten wir, die Freunde historischer Faltboote e. V. aus, jeder, der mitmachen will, sei herzlich willkommen, idealer Weise meldet er sich gerne bei mir an.<\/h4>\n<h5><img loading=\"lazy\" class=\"alignnone size-full wp-image-1793\" src=\"http:\/\/freunde-historischer-faltboote.de\/wp-content\/uploads\/2025\/08\/IMG_2702-scaled.jpg\" alt=\"\" width=\"2560\" height=\"1920\" srcset=\"https:\/\/freunde-historischer-faltboote.de\/wp-content\/uploads\/2025\/08\/IMG_2702-scaled.jpg 2560w, https:\/\/freunde-historischer-faltboote.de\/wp-content\/uploads\/2025\/08\/IMG_2702-300x225.jpg 300w, https:\/\/freunde-historischer-faltboote.de\/wp-content\/uploads\/2025\/08\/IMG_2702-1024x768.jpg 1024w, https:\/\/freunde-historischer-faltboote.de\/wp-content\/uploads\/2025\/08\/IMG_2702-768x576.jpg 768w, https:\/\/freunde-historischer-faltboote.de\/wp-content\/uploads\/2025\/08\/IMG_2702-1536x1152.jpg 1536w, https:\/\/freunde-historischer-faltboote.de\/wp-content\/uploads\/2025\/08\/IMG_2702-2048x1536.jpg 2048w\" sizes=\"(max-width: 2560px) 100vw, 2560px\" \/><\/h5>\n<p>&nbsp;<\/p>\n<p>Sehr geehrte Vereinsmitglieder,<\/p>\n<p>werte Faltboot-Freunde und liebe Freunde von Ralf Petsching,<\/p>\n<p>nun wird es langsam ernst, bzw. wir hoffen nat\u00fcrlich, dass es erfreulich und sch\u00f6n wird, sonnig und trocken und komfortabel Wasser in der Isar.<\/p>\n<p>Unsere Museumshomepage zum Fluss-Film-Festival 2026 ist nach einer gef\u00fchlten Ewigkeit freigeschaltet.<\/p>\n<p>Hier der Link<\/p>\n<p><a href=\"https:\/\/www.bad-toelz.de\/flussfilmfestival\">https:\/\/www.bad-toelz.de\/flussfilmfestival<\/a><\/p>\n<p>&nbsp;<\/p>\n<p><strong>Das Fluss-Film-Festival widmen wir Ralf Petsching, der uns letztes Jahr zum 100-j\u00e4hrigen Pionier-Jubil\u00e4um auf ganz einzigartige Weise unterst\u00fctzt hat.<\/strong> Um Ralf und seine Faltboot- und Camping-Sch\u00e4tze hatte sich ein phantastisches Camp entwickelt mit den unterschiedlichsten Booten, Zelten und auch Besitzern. Jeder f\u00fcr sich ein ganz eigener Charakter mit eigener Sammelleidenschaft. Im Camp spiegelte sich eine wunderbare Vielfalt, welche die Nostalgie unterstrich. Nichts war Mainstream, alles war pers\u00f6nlich, authentisch ( auch die Dialekte) und liebevoll gestaltet. Daf\u00fcr danken Ihnen die T\u00f6lzer noch heute und ich denke auch, dass sich Ralf sehr gefreut hat, dass sich trotz des schlechten Wetters alles so sch\u00f6n f\u00fcgte.<\/p>\n<p>&nbsp;<\/p>\n<p>In Erinnerung an Ralf, der leider viel zu fr\u00fch \u00fcber den Styx paddeln musste, lade ich Sie ganz herzlich ein, dieses Jahr vom 10.-13. September zu einem Fluss-Film-Festival mit Faltboot-Camp nach T\u00f6lz zu kommen. Zeitgleich findet am Samstag, den <strong>12.09.2026 die Isarregatta<\/strong> und nach langen Jahren wieder <strong>der erste Wildwassermarathon<\/strong> statt.<\/p>\n<p><strong>Im Fluss-Film-Festival<\/strong> zeigen wir unter anderem einen Film aus dem Jahr 1935, der die <strong>Spitzbergen-Faltboot-Expedition von Hermann Rauschert und Georg Wolfschmitt<\/strong> dokumentiert. Ralf Petsching hatte das Gesp\u00fcr, in Bayern w\u00fcrde man sagen \u201edie Nase\u201c, dass er die Gelegenheit beim Schopfe packte, als man ihm die Filme als Dachbodenfund angetragen hat.<\/p>\n<p>&nbsp;<\/p>\n<p><strong>Ich glaube es w\u00e4re eine sehr sch\u00f6ne Gelegenheit f\u00fcr die Faltboot-Freunde, sich nach dem Tod von Ralf Petsching wieder in T\u00f6lz zusammenzufinden und gemeinsam etwas zu gestalten.<\/strong><\/p>\n<p>Ich w\u00fcrde mich auch ganz besonders freuen, wenn ich Sie wieder begr\u00fc\u00dfen d\u00fcrfte. Ob nun mit echtem T\u00f6lzer Pionier, oder mit Bergerboot oder einem Nest, mit einem Kult-Pouch oder dem treuen Klepper \u2013 Sie sind uns alle herzlich willkommen.<\/p>\n<p><strong>Ab Donnerstag, den 10.09.2026 kann das Camp an der Isar aufgebaut werden.<\/strong><\/p>\n<p>&nbsp;<\/p>\n<p>Am Abend laufen dann im Kino jeweils 2 Slots, am Donnerstag zur Er\u00f6ffnung nur 1 Slot mit den Historischen Sch\u00e4tzen. \u00dcber den oben angegebenen link k\u00f6nnen Sie die einzelnen Filmangebote und Slots sehen.<\/p>\n<p>Sollte jemand zus\u00e4tzliche Abwechslung brauchen, <strong>am Festival-Wochenende gibt es in Bad T\u00f6lz auch ein Bierfest<\/strong>. Es m\u00fcsste eigentlich f\u00fcr jeden etwas dabei sein.<\/p>\n<p>Isarregatta, Sport, Nostalgie, Kino, Grillabend in d\u00b4Bar, Bierfest, Rangertouren an der Isar, vielleicht sogar die Wasserwacht mit Ihrem Schnellboot \u00a0und eine kleine Ausstellung im Museum.<\/p>\n<p>&nbsp;<\/p>\n<p>Ralf w\u00fcrde sich bestimmt freuen, wenn der Verein Bestand hat, zusammenh\u00e4lt und sichtbar ist.<\/p>\n<p>&nbsp;<\/p>\n<p>Und ich nat\u00fcrlich auch, denn eigentlich sind wir Kollegen. Sowohl der Verein als auch wir im Museum versuchen, Vergangenes und Geschichte in Erinnerung zu halten und zu bewahren.<\/p>\n<p>&nbsp;<\/p>\n<p>So verbleibe ich in Vorfreude auf m\u00f6glichst viele Besucher und Teilnehmer<\/p>\n<p>&nbsp;<\/p>\n<p>Mit frischen Isar-Gr\u00fc\u00dfen<\/p>\n<p><strong>Elisabeth Hinterstocker<\/strong><br \/>\nLeitung Stadtmuseum<\/p>\n<p><strong>Stadt Bad T\u00f6lz | Referat f\u00fcr Tourismus und Kultur<\/strong><br \/>\n<strong>Stadtmuseum<\/strong><br \/>\nMarktstra\u00dfe 48<br \/>\n83646 Bad T\u00f6lz<\/p>\n","protected":false},"excerpt":{"rendered":"<p>Wir laden euch ein mit dem Schreiben von Frau Hinterstocker zum Flu\u00dffilmfestival, zur Isarregatta und zum historischen Zeltlager mit Bootsausstellung in Bad T\u00f6lz vom 10 bis 13. September 2026. Das Zeltlager mit Bootsausstellung richten wir, die Freunde historischer Faltboote e. V. aus, jeder, der mitmachen will, sei herzlich willkommen, idealer Weise meldet er sich gerne bei mir an. &nbsp; Sehr [&hellip;]<\/p>\n","protected":false},"author":1,"featured_media":0,"comment_status":"closed","ping_status":"open","sticky":false,"template":"","format":"standard","meta":[],"categories":[30,12,10],"tags":[],"_links":{"self":[{"href":"https:\/\/freunde-historischer-faltboote.de\/index.php?rest_route=\/wp\/v2\/posts\/1855"}],"collection":[{"href":"https:\/\/freunde-historischer-faltboote.de\/index.php?rest_route=\/wp\/v2\/posts"}],"about":[{"href":"https:\/\/freunde-historischer-faltboote.de\/index.php?rest_route=\/wp\/v2\/types\/post"}],"author":[{"embeddable":true,"href":"https:\/\/freunde-historischer-faltboote.de\/index.php?rest_route=\/wp\/v2\/users\/1"}],"replies":[{"embeddable":true,"href":"https:\/\/freunde-historischer-faltboote.de\/index.php?rest_route=%2Fwp%2Fv2%2Fcomments&post=1855"}],"version-history":[{"count":10,"href":"https:\/\/freunde-historischer-faltboote.de\/index.php?rest_route=\/wp\/v2\/posts\/1855\/revisions"}],"predecessor-version":[{"id":1869,"href":"https:\/\/freunde-historischer-faltboote.de\/index.php?rest_route=\/wp\/v2\/posts\/1855\/revisions\/1869"}],"wp:attachment":[{"href":"https:\/\/freunde-historischer-faltboote.de\/index.php?rest_route=%2Fwp%2Fv2%2Fmedia&parent=1855"}],"wp:term":[{"taxonomy":"category","embeddable":true,"href":"https:\/\/freunde-historischer-faltboote.de\/index.php?rest_route=%2Fwp%2Fv2%2Fcategories&post=1855"},{"taxonomy":"post_tag","embeddable":true,"href":"https:\/\/freunde-historischer-faltboote.de\/index.php?rest_route=%2Fwp%2Fv2%2Ftags&post=1855"}],"curies":[{"name":"wp","href":"https:\/\/api.w.org\/{rel}","templated":true}]}}