{"id":112,"date":"2016-12-30T22:13:05","date_gmt":"2016-12-30T22:13:05","guid":{"rendered":"http:\/\/freunde-historischer-faltboote.de\/?p=112"},"modified":"2017-12-03T16:26:56","modified_gmt":"2017-12-03T16:26:56","slug":"faltboottreffen-in-schwarz-2015","status":"publish","type":"post","link":"https:\/\/freunde-historischer-faltboote.de\/?p=112","title":{"rendered":"Faltboottreffen Schwarzer Falter 2015"},"content":{"rendered":"<p>Das Treffen &#8222;Schwarzer Falter&#8220; findet seit 1980 immer am Himmelfahrtswochenende auf dem Campingplatz Forsthof Schwarz bei Mirow (M\u00fcritz)\u00a0 statt. Es z\u00e4hlt zu den gr\u00f6\u00dften Faltboottreffen in Deutschland.<\/p>\n<p>Initiator des Treffens ist Ecke Kaplan. Er sorgt f\u00fcr ein Rahmenprogramm mit Ausfl\u00fcgen, Diavortrag und deftiger Brotzeit. Meist kommen \u00fcber 120 Teilnehmer.<\/p>\n<p>2015 hat sich der Verein mit einer Ausstellung historischer Faltboote und Campingausr\u00fcstung am Schwarzen Falter beteiligt.<\/p>\n<p><img loading=\"lazy\" class=\"alignnone size-full wp-image-115\" src=\"http:\/\/freunde-historischer-faltboote.de\/wp-content\/uploads\/2016\/12\/Schwarzer-Falter_2015_06.jpg\" alt=\"schwarzer-falter_2015_06\" width=\"1280\" height=\"960\" srcset=\"https:\/\/freunde-historischer-faltboote.de\/wp-content\/uploads\/2016\/12\/Schwarzer-Falter_2015_06.jpg 1280w, https:\/\/freunde-historischer-faltboote.de\/wp-content\/uploads\/2016\/12\/Schwarzer-Falter_2015_06-300x225.jpg 300w, https:\/\/freunde-historischer-faltboote.de\/wp-content\/uploads\/2016\/12\/Schwarzer-Falter_2015_06-768x576.jpg 768w, https:\/\/freunde-historischer-faltboote.de\/wp-content\/uploads\/2016\/12\/Schwarzer-Falter_2015_06-1024x768.jpg 1024w\" sizes=\"(max-width: 1280px) 100vw, 1280px\" \/><\/p>\n<p>Higlight war ein ganz seltener MTW Scalare 250 Faltkatamaran.<\/p>\n<p><img loading=\"lazy\" class=\"alignnone size-full wp-image-117\" src=\"http:\/\/freunde-historischer-faltboote.de\/wp-content\/uploads\/2016\/12\/Schwarzer-Falter_2015_13.jpg\" alt=\"schwarzer-falter_2015_13\" width=\"960\" height=\"1280\" srcset=\"https:\/\/freunde-historischer-faltboote.de\/wp-content\/uploads\/2016\/12\/Schwarzer-Falter_2015_13.jpg 960w, https:\/\/freunde-historischer-faltboote.de\/wp-content\/uploads\/2016\/12\/Schwarzer-Falter_2015_13-225x300.jpg 225w, https:\/\/freunde-historischer-faltboote.de\/wp-content\/uploads\/2016\/12\/Schwarzer-Falter_2015_13-768x1024.jpg 768w\" sizes=\"(max-width: 960px) 100vw, 960px\" \/><\/p>\n<p>Es gibt nur noch wenig Exemplare des MTW Scalare Faltkatamaran.<\/p>\n<p><img loading=\"lazy\" class=\"alignnone size-full wp-image-119\" src=\"http:\/\/freunde-historischer-faltboote.de\/wp-content\/uploads\/2016\/12\/Schwarzer-Falter_2015_21.jpg\" alt=\"schwarzer-falter_2015_21\" width=\"1280\" height=\"960\" srcset=\"https:\/\/freunde-historischer-faltboote.de\/wp-content\/uploads\/2016\/12\/Schwarzer-Falter_2015_21.jpg 1280w, https:\/\/freunde-historischer-faltboote.de\/wp-content\/uploads\/2016\/12\/Schwarzer-Falter_2015_21-300x225.jpg 300w, https:\/\/freunde-historischer-faltboote.de\/wp-content\/uploads\/2016\/12\/Schwarzer-Falter_2015_21-768x576.jpg 768w, https:\/\/freunde-historischer-faltboote.de\/wp-content\/uploads\/2016\/12\/Schwarzer-Falter_2015_21-1024x768.jpg 1024w\" sizes=\"(max-width: 1280px) 100vw, 1280px\" \/><\/p>\n<p>Von diesem Modell wurden ca. 250 St\u00fcck produziert, es existieren noch 4 Exemplare. Die Segelfl\u00e4che betr\u00e4gt etwa 11 Quadratmeter.<\/p>\n<p>Der Katamaran ist eines der aufw\u00e4ndigsten je gebauten Faltboote.\u00a0 Das Gewicht liegt bei etwa 200 kg, die Aufbauzeit betr\u00e4gt etwa 3 bis 4 Stunden.<\/p>\n<p><img loading=\"lazy\" class=\"alignnone size-full wp-image-116\" src=\"http:\/\/freunde-historischer-faltboote.de\/wp-content\/uploads\/2016\/12\/Schwarzer-Falter_2015_09.jpg\" alt=\"schwarzer-falter_2015_09\" width=\"960\" height=\"1280\" srcset=\"https:\/\/freunde-historischer-faltboote.de\/wp-content\/uploads\/2016\/12\/Schwarzer-Falter_2015_09.jpg 960w, https:\/\/freunde-historischer-faltboote.de\/wp-content\/uploads\/2016\/12\/Schwarzer-Falter_2015_09-225x300.jpg 225w, https:\/\/freunde-historischer-faltboote.de\/wp-content\/uploads\/2016\/12\/Schwarzer-Falter_2015_09-768x1024.jpg 768w\" sizes=\"(max-width: 960px) 100vw, 960px\" \/><\/p>\n<p>Ein MTW Delphin 110<\/p>\n<p><img loading=\"lazy\" class=\"alignnone size-full wp-image-114\" src=\"http:\/\/freunde-historischer-faltboote.de\/wp-content\/uploads\/2016\/12\/Schwarzer-Falter_2015_02.jpg\" alt=\"schwarzer-falter_2015_02\" width=\"1280\" height=\"960\" srcset=\"https:\/\/freunde-historischer-faltboote.de\/wp-content\/uploads\/2016\/12\/Schwarzer-Falter_2015_02.jpg 1280w, https:\/\/freunde-historischer-faltboote.de\/wp-content\/uploads\/2016\/12\/Schwarzer-Falter_2015_02-300x225.jpg 300w, https:\/\/freunde-historischer-faltboote.de\/wp-content\/uploads\/2016\/12\/Schwarzer-Falter_2015_02-768x576.jpg 768w, https:\/\/freunde-historischer-faltboote.de\/wp-content\/uploads\/2016\/12\/Schwarzer-Falter_2015_02-1024x768.jpg 1024w\" sizes=\"(max-width: 1280px) 100vw, 1280px\" \/><\/p>\n<p>Seltene Faltboote verschiedenen Alters<\/p>\n","protected":false},"excerpt":{"rendered":"<p>Das Treffen &#8222;Schwarzer Falter&#8220; findet seit 1980 immer am Himmelfahrtswochenende auf dem Campingplatz Forsthof Schwarz bei Mirow (M\u00fcritz)\u00a0 statt. Es z\u00e4hlt zu den gr\u00f6\u00dften Faltboottreffen in Deutschland. Initiator des Treffens ist Ecke Kaplan. Er sorgt f\u00fcr ein Rahmenprogramm mit Ausfl\u00fcgen, Diavortrag und deftiger Brotzeit. Meist kommen \u00fcber 120 Teilnehmer. 2015 hat sich der Verein mit einer Ausstellung historischer Faltboote und [&hellip;]<\/p>\n","protected":false},"author":1,"featured_media":0,"comment_status":"closed","ping_status":"open","sticky":false,"template":"","format":"standard","meta":[],"categories":[10],"tags":[],"_links":{"self":[{"href":"https:\/\/freunde-historischer-faltboote.de\/index.php?rest_route=\/wp\/v2\/posts\/112"}],"collection":[{"href":"https:\/\/freunde-historischer-faltboote.de\/index.php?rest_route=\/wp\/v2\/posts"}],"about":[{"href":"https:\/\/freunde-historischer-faltboote.de\/index.php?rest_route=\/wp\/v2\/types\/post"}],"author":[{"embeddable":true,"href":"https:\/\/freunde-historischer-faltboote.de\/index.php?rest_route=\/wp\/v2\/users\/1"}],"replies":[{"embeddable":true,"href":"https:\/\/freunde-historischer-faltboote.de\/index.php?rest_route=%2Fwp%2Fv2%2Fcomments&post=112"}],"version-history":[{"count":10,"href":"https:\/\/freunde-historischer-faltboote.de\/index.php?rest_route=\/wp\/v2\/posts\/112\/revisions"}],"predecessor-version":[{"id":398,"href":"https:\/\/freunde-historischer-faltboote.de\/index.php?rest_route=\/wp\/v2\/posts\/112\/revisions\/398"}],"wp:attachment":[{"href":"https:\/\/freunde-historischer-faltboote.de\/index.php?rest_route=%2Fwp%2Fv2%2Fmedia&parent=112"}],"wp:term":[{"taxonomy":"category","embeddable":true,"href":"https:\/\/freunde-historischer-faltboote.de\/index.php?rest_route=%2Fwp%2Fv2%2Fcategories&post=112"},{"taxonomy":"post_tag","embeddable":true,"href":"https:\/\/freunde-historischer-faltboote.de\/index.php?rest_route=%2Fwp%2Fv2%2Ftags&post=112"}],"curies":[{"name":"wp","href":"https:\/\/api.w.org\/{rel}","templated":true}]}}