{"id":1078,"date":"2021-05-22T13:47:48","date_gmt":"2021-05-22T13:47:48","guid":{"rendered":"http:\/\/freunde-historischer-faltboote.de\/?p=1078"},"modified":"2021-11-27T13:22:21","modified_gmt":"2021-11-27T13:22:21","slug":"pax-boote","status":"publish","type":"post","link":"http:\/\/freunde-historischer-faltboote.de\/?p=1078","title":{"rendered":"Pax Boote"},"content":{"rendered":"<p><img loading=\"lazy\" class=\"alignnone wp-image-1147\" src=\"http:\/\/freunde-historischer-faltboote.de\/wp-content\/uploads\/2021\/11\/Pax-Erzeugnisse-der-Volkseigenen-Industrie.jpg\" alt=\"\" width=\"619\" height=\"863\" srcset=\"http:\/\/freunde-historischer-faltboote.de\/wp-content\/uploads\/2021\/11\/Pax-Erzeugnisse-der-Volkseigenen-Industrie.jpg 404w, http:\/\/freunde-historischer-faltboote.de\/wp-content\/uploads\/2021\/11\/Pax-Erzeugnisse-der-Volkseigenen-Industrie-215x300.jpg 215w\" sizes=\"(max-width: 619px) 100vw, 619px\" \/><\/p>\n<p><strong>Faltboot PAX aus Sonneberg<\/strong><\/p>\n<p>Wer sich mit Faltbooten aus der ehemaligen DDR besch\u00e4ftigt, wird fr\u00fcher oder sp\u00e4ter auf Faltboote mit dem Namen PAX aus Sonneberg sto\u00dfen.<\/p>\n<p><img loading=\"lazy\" class=\"alignnone wp-image-1151\" src=\"http:\/\/freunde-historischer-faltboote.de\/wp-content\/uploads\/2021\/11\/PAX-Sonneberg-Logo.jpg\" alt=\"\" width=\"242\" height=\"181\" srcset=\"http:\/\/freunde-historischer-faltboote.de\/wp-content\/uploads\/2021\/11\/PAX-Sonneberg-Logo.jpg 2048w, http:\/\/freunde-historischer-faltboote.de\/wp-content\/uploads\/2021\/11\/PAX-Sonneberg-Logo-300x225.jpg 300w, http:\/\/freunde-historischer-faltboote.de\/wp-content\/uploads\/2021\/11\/PAX-Sonneberg-Logo-1024x768.jpg 1024w, http:\/\/freunde-historischer-faltboote.de\/wp-content\/uploads\/2021\/11\/PAX-Sonneberg-Logo-768x576.jpg 768w, http:\/\/freunde-historischer-faltboote.de\/wp-content\/uploads\/2021\/11\/PAX-Sonneberg-Logo-1536x1152.jpg 1536w\" sizes=\"(max-width: 242px) 100vw, 242px\" \/><\/p>\n<p>PAX Faltboote wurden in der Zeit von 1951 bis 1955 in Sonneberg in der ehemaligen DDR produziert.<\/p>\n<p>Besonders die Zweier sind noch recht zahlreich in den Bootsh\u00e4usern der neuen Bundesl\u00e4nder zu finden, wenn auch leider oft nicht mehr schwimmf\u00e4hig.<\/p>\n<p>Sie galten als elegant, sportlich auf Kiel gebaut und konstruktiv ausgereift. Doch, warum sind sie verschwunden? Wer waren ihre Konstrukteure? Warum wurde die Produktion eingestellt?<\/p>\n<p>Vieles scheint verschollen, selbst in Sonneberg sind die Spuren recht d\u00fcrftig.<\/p>\n<p>Erst mit einem Artikel einer lokalen Sonneberger Tageszeitung vom 23.09.1998, \u00fcber das Verschwinden der Sonneberger Spielzeugfabrik Hartwig und einem darin enthaltenen sehr interessanten Foto, kam etwas Licht ins Dunkel.<\/p>\n<p><img loading=\"lazy\" class=\"alignnone wp-image-1157\" src=\"http:\/\/freunde-historischer-faltboote.de\/wp-content\/uploads\/2021\/11\/Fa.-Hartwig.jpg\" alt=\"\" width=\"785\" height=\"1184\" srcset=\"http:\/\/freunde-historischer-faltboote.de\/wp-content\/uploads\/2021\/11\/Fa.-Hartwig.jpg 1565w, http:\/\/freunde-historischer-faltboote.de\/wp-content\/uploads\/2021\/11\/Fa.-Hartwig-199x300.jpg 199w, http:\/\/freunde-historischer-faltboote.de\/wp-content\/uploads\/2021\/11\/Fa.-Hartwig-679x1024.jpg 679w, http:\/\/freunde-historischer-faltboote.de\/wp-content\/uploads\/2021\/11\/Fa.-Hartwig-768x1158.jpg 768w, http:\/\/freunde-historischer-faltboote.de\/wp-content\/uploads\/2021\/11\/Fa.-Hartwig-1019x1536.jpg 1019w, http:\/\/freunde-historischer-faltboote.de\/wp-content\/uploads\/2021\/11\/Fa.-Hartwig-1358x2048.jpg 1358w\" sizes=\"(max-width: 785px) 100vw, 785px\" \/><\/p>\n<p>Vor dem zweiten Weltkrieg produzierte die Firma Hartwig in Sonneberg Holzspielzeug und w\u00e4hrend des Krieges Lastensegler aus Holz f\u00fcr den Kriegseinsatz.<\/p>\n<p>Nach Kriegsende wurde Hartwig als Kriegsgewinnler enteignet und die Firma verstaatlicht, er selbst verschwand im Gulag in Russland.<\/p>\n<p>Mit der Verstaatlichung hie\u00df die Firma &#8211; <span style=\"color: #800080;\">VE-Betrieb Sonneberger Spielwarenindustrie<\/span>.<\/p>\n<p>Unter anderem findet man in diesem Artikel ein Foto mit dem Untertitel:<\/p>\n<p>\u201eDas Foto zeigt Arbeiter in der Faltbootproduktion. Das Pouch-Faltboot war recht beliebt, wurde jedoch nur kurze Zeit produziert.\u201c<\/p>\n<p>Die Mitarbeiter stehen hinter einem Faltboot, das irrt\u00fcmlicher Weise als Pouch-Boot bezeichnet wird. Im Hintergrund sieht man verpackte Faltbootger\u00fcste, bzw. die markanten langen Stabtaschen der PAX-Ger\u00fcste (L\u00e4nge 2 m). Deutlich ist auch der hohe Waschbord der PAX-Boote zu erkennen und die breiten seitlichen Dollborde (durch die Reflexion des Lichts als wei\u00dfer Streifen sichtbar).<\/p>\n<p>Poucher Boote, bzw. der RZ 85 wurden nie in Sonneberg produziert.<\/p>\n<p><img loading=\"lazy\" class=\"alignnone size-full wp-image-1158\" src=\"http:\/\/freunde-historischer-faltboote.de\/wp-content\/uploads\/2021\/05\/Arbeiter-in-der-Faltboot-Produktion.jpg\" alt=\"\" width=\"605\" height=\"445\" srcset=\"http:\/\/freunde-historischer-faltboote.de\/wp-content\/uploads\/2021\/05\/Arbeiter-in-der-Faltboot-Produktion.jpg 605w, http:\/\/freunde-historischer-faltboote.de\/wp-content\/uploads\/2021\/05\/Arbeiter-in-der-Faltboot-Produktion-300x221.jpg 300w\" sizes=\"(max-width: 605px) 100vw, 605px\" \/><\/p>\n<p>Da die Firma Hartwig \u00fcber eine umfangreiche Tischlerei verf\u00fcgte, lag es nat\u00fcrlich nahe, nach dem Krieg wieder Holzprodukte herzustellen. Warum nicht auch Faltboote. Es gab verschiedene Modelle \u2013 Zweisitzer und Einsitzer \u2013 davon wiederum Wander-und Slalomboote.<\/p>\n<p>Wer waren die Konstrukteure? In dieser Ausgereiftheit muss es schon vorher Prototypen gegeben haben. Es gibt \u00c4hnlichkeiten mit Faltbooten der Firma L.F.B. Leipzig aus den 30er Jahren, (nicht zu verwechseln mit LFB Stern Leipzig) oder auch das nur ein Zufall?<\/p>\n<p>Woher kommt der Name PAX? War vielleicht das Lateinische Pace = Pax = Frieden Vorlage?<\/p>\n<p>Bei unseren Recherchen stie\u00dfen wir auf den Namen <strong>Johann Prochatschek aus Crimmitschau<\/strong>.<\/p>\n<p><img loading=\"lazy\" class=\"alignnone size-full wp-image-1159\" src=\"http:\/\/freunde-historischer-faltboote.de\/wp-content\/uploads\/2021\/05\/Jan-Prohatschek-aus-Crimmitschau.jpg\" alt=\"\" width=\"272\" height=\"408\" srcset=\"http:\/\/freunde-historischer-faltboote.de\/wp-content\/uploads\/2021\/05\/Jan-Prohatschek-aus-Crimmitschau.jpg 272w, http:\/\/freunde-historischer-faltboote.de\/wp-content\/uploads\/2021\/05\/Jan-Prohatschek-aus-Crimmitschau-200x300.jpg 200w\" sizes=\"(max-width: 272px) 100vw, 272px\" \/><\/p>\n<p>*1914 &#8211; + 1983<\/p>\n<p>Johann Prochatschek war selbst Kajakfahrer und Slalomexperte, trat f\u00fcr die noch junge DDR bei den ersten Nachkriegs-Slalommeisterschaften mit an und wurde 1949 Ostzonenmeister.<\/p>\n<p>Viele Kanusportler bauten sich ihre Boote selbst. Als Bootsbauer vermittelte Hans Prochatschek seine Erfahrungen und Kenntnisse an viele Interessierte weiter. Ein Typ seiner Projekte war ein Slalomboot, welches von der Firma VEB PAX Sonneberg \u00fcbernommen und in Serie gebaut wurde.<\/p>\n<p>Zitat aus Der Kanusport. Informationsblatt der Sektion Kanu der Deutschen Demokratischen Republik, 1. Jahrgang, Nr. 2\/Januar 1954, S. 27<\/p>\n<p>\u201eSlalom-Boot aus Sonneberg\u201c<\/p>\n<p>&#8222;Wie uns bekannt wurde, hat der VE-Betrieb Sonneberger Spielwarenindustrie neben den bekannten PAX-Booten die Produktion von Slalombooten aufgenommen. Das Boot soll nach den Unterlagen des Sportfreundes Prochatschek aus Crimmitschau gebaut worden sein.&#8220;<\/p>\n<p>&nbsp;<\/p>\n<p>Anl\u00e4sslich des Faltboottreffens 2019 im Mecklenburgischen Schwarz, pr\u00e4sentierte unser Verein, alle jemals hergestellten Faltboottypen der Firma PAX, auf der gr\u00fcnen Wiese.<\/p>\n<p><img loading=\"lazy\" class=\"alignnone size-full wp-image-1150\" src=\"http:\/\/freunde-historischer-faltboote.de\/wp-content\/uploads\/2021\/11\/P1450267.jpg\" alt=\"\" width=\"2560\" height=\"1920\" srcset=\"http:\/\/freunde-historischer-faltboote.de\/wp-content\/uploads\/2021\/11\/P1450267.jpg 2560w, http:\/\/freunde-historischer-faltboote.de\/wp-content\/uploads\/2021\/11\/P1450267-300x225.jpg 300w, http:\/\/freunde-historischer-faltboote.de\/wp-content\/uploads\/2021\/11\/P1450267-1024x768.jpg 1024w, http:\/\/freunde-historischer-faltboote.de\/wp-content\/uploads\/2021\/11\/P1450267-768x576.jpg 768w, http:\/\/freunde-historischer-faltboote.de\/wp-content\/uploads\/2021\/11\/P1450267-1536x1152.jpg 1536w, http:\/\/freunde-historischer-faltboote.de\/wp-content\/uploads\/2021\/11\/P1450267-2048x1536.jpg 2048w\" sizes=\"(max-width: 2560px) 100vw, 2560px\" \/><\/p>\n<p>Urspr\u00fcnglich hatten diese Boote schwarze, bzw. graue Gummiunter- und blaue, seltener auch gr\u00fcne, rote oder graue Baumwolloberschiffe.<\/p>\n<p>Das Gummimaterial war recht spr\u00f6de und nicht sehr langlebig, daher findet man nur noch sehr selten schwimmf\u00e4hige PAX-Boote mit originalen H\u00e4uten. Liebhaber dieser Boote haben sich schon l\u00e4ngst auf PVC oder Hypalon umgestellt.<\/p>\n<p>Zu den hergestellten Modellen geh\u00f6ren<\/p>\n<p>PAX Zweier M 3 b \u2013 L\u00e4nge 550 cm x Breite 80 cm<\/p>\n<p>PAX Zweier M 3 \u2013 L\u00e4nge 550 cm x Breite 75 cm<\/p>\n<p>PAX Kurzzweier M 2 \u2013 L\u00e4nge 520 cm x Breite 75 cm<\/p>\n<p>PAX Einer Sporteiner S I \u2013 L\u00e4nge 450 cm x Breite 65 cm<\/p>\n<p>PAX Einer Slalomboot S II \u2013 L\u00e4nge 450 cm x Breite 65 cm<\/p>\n<p>Dazu kam noch einiges an Zubeh\u00f6r, wie Paddel, Bootswagen, Segel und Sitzkissen, aber auch Zelte.<\/p>\n<p>Falls jemand noch etwas zur Geschichte dieser wunderbaren Boote beitragen kann, sind wir f\u00fcr jedwede Information dankbar.<\/p>\n<p><img loading=\"lazy\" class=\"alignnone wp-image-1154\" src=\"http:\/\/freunde-historischer-faltboote.de\/wp-content\/uploads\/2021\/11\/Pax-Typenschild.jpg\" alt=\"\" width=\"311\" height=\"192\" srcset=\"http:\/\/freunde-historischer-faltboote.de\/wp-content\/uploads\/2021\/11\/Pax-Typenschild.jpg 485w, http:\/\/freunde-historischer-faltboote.de\/wp-content\/uploads\/2021\/11\/Pax-Typenschild-300x186.jpg 300w\" sizes=\"(max-width: 311px) 100vw, 311px\" \/><\/p>\n<p>&nbsp;<\/p>\n<p><img loading=\"lazy\" class=\"alignnone wp-image-1152\" src=\"http:\/\/freunde-historischer-faltboote.de\/wp-content\/uploads\/2021\/11\/PAX-VEB-Logo.gif\" alt=\"\" width=\"313\" height=\"234\" \/><\/p>\n<p>&nbsp;<\/p>\n<p>PAX Boote &#8211; Prospekte<\/p>\n\n\t\t<!-- MasterSlider -->\n\t\t<div id=\"P_MS69f33d75801e9\" class=\"master-slider-parent msl ms-parent-id-18\" style=\"max-width:800px;\">\n\n\t\t\t\n\t\t\t<!-- MasterSlider Main -->\n\t\t\t<div id=\"MS69f33d75801e9\" class=\"master-slider ms-skin-default\" >\n\t\t\t\t \t\t\t\t \n\t\t\t\t<div  class=\"ms-slide\" data-delay=\"3\" data-fill-mode=\"fit\"  >\n\t\t\t\t\t<img src=\"http:\/\/freunde-historischer-faltboote.de\/wp-content\/plugins\/master-slider\/public\/assets\/css\/blank.gif\" alt=\"\" title=\"\" data-src=\"http:\/\/freunde-historischer-faltboote.de\/wp-content\/uploads\/2020\/11\/PAX_PROSPEKT_1.jpg\" \/>\n\n\t\t\t\t\t<div class=\"ms-info\"><h3 style=\"text-align: center;\">Pax Prospekt<\/h3><p style=\"text-align: center;\">Sie sehen einen originalen Prospekt des VEB PAX<\/p><\/div>\n\n\n\t<img class=\"ms-thumb\" src=\"http:\/\/freunde-historischer-faltboote.de\/wp-content\/uploads\/2020\/11\/PAX_PROSPEKT_1-100x80.jpg\" alt=\"\" \/>\n\t<div class=\"ms-thumb\" ><div class=\"ms-tab-context\"><div class=&quot;ms-tab-context&quot;><\/div><\/div>\n<\/div>\n\t\t\t\t<\/div>\n\t\t\t\t<div  class=\"ms-slide\" data-delay=\"3\" data-fill-mode=\"fit\"  >\n\t\t\t\t\t<img src=\"http:\/\/freunde-historischer-faltboote.de\/wp-content\/plugins\/master-slider\/public\/assets\/css\/blank.gif\" alt=\"\" title=\"\" data-src=\"http:\/\/freunde-historischer-faltboote.de\/wp-content\/uploads\/2020\/11\/PAX_PROSPEKT_2.jpg\" \/>\n\n\t\t\t\t\t<div class=\"ms-info\"><h3 style=\"text-align: center;\">Pax Prospekt<\/h3><p style=\"text-align: center;\">\u00fcber uns<\/p><\/div>\n\n\n\t<img class=\"ms-thumb\" src=\"http:\/\/freunde-historischer-faltboote.de\/wp-content\/uploads\/2020\/11\/PAX_PROSPEKT_2-100x80.jpg\" alt=\"\" \/>\n\t<div class=\"ms-thumb\" ><div class=\"ms-tab-context\"><div class=&quot;ms-tab-context&quot;><\/div><\/div>\n<\/div>\n\t\t\t\t<\/div>\n\t\t\t\t<div  class=\"ms-slide\" data-delay=\"3\" data-fill-mode=\"fit\"  >\n\t\t\t\t\t<img src=\"http:\/\/freunde-historischer-faltboote.de\/wp-content\/plugins\/master-slider\/public\/assets\/css\/blank.gif\" alt=\"\" title=\"\" data-src=\"http:\/\/freunde-historischer-faltboote.de\/wp-content\/uploads\/2020\/11\/PAX_PROSPEKT_3.jpg\" \/>\n\n\t\t\t\t\t<div class=\"ms-info\"><h3 style=\"text-align: center;\">Pax Prospekt<\/h3><p style=\"text-align: center;\">was ist was ... oder<br \/>Bezeichnung der Faltboot Teile<\/p><\/div>\n\n\n\t<img class=\"ms-thumb\" src=\"http:\/\/freunde-historischer-faltboote.de\/wp-content\/uploads\/2020\/11\/PAX_PROSPEKT_3-100x80.jpg\" alt=\"\" \/>\n\t<div class=\"ms-thumb\" ><div class=\"ms-tab-context\"><div class=&quot;ms-tab-context&quot;><\/div><\/div>\n<\/div>\n\t\t\t\t<\/div>\n\t\t\t\t<div  class=\"ms-slide\" data-delay=\"3\" data-fill-mode=\"fit\"  >\n\t\t\t\t\t<img src=\"http:\/\/freunde-historischer-faltboote.de\/wp-content\/plugins\/master-slider\/public\/assets\/css\/blank.gif\" alt=\"\" title=\"\" data-src=\"http:\/\/freunde-historischer-faltboote.de\/wp-content\/uploads\/2020\/11\/PAX_PROSPEKT_4.jpg\" \/>\n\n\t\t\t\t\t<div class=\"ms-info\"><h3 style=\"text-align: center;\">Pax Prospekt<\/h3><p style=\"text-align: center;\">Anleitung f\u00fcr den Zusammenbau<\/p><\/div>\n\n\n\t<img class=\"ms-thumb\" src=\"http:\/\/freunde-historischer-faltboote.de\/wp-content\/uploads\/2020\/11\/PAX_PROSPEKT_4-100x80.jpg\" alt=\"\" \/>\n\t<div class=\"ms-thumb\" ><div class=\"ms-tab-context\"><div class=&quot;ms-tab-context&quot;><\/div><\/div>\n<\/div>\n\t\t\t\t<\/div>\n\t\t\t\t<div  class=\"ms-slide\" data-delay=\"3\" data-fill-mode=\"fit\"  >\n\t\t\t\t\t<img src=\"http:\/\/freunde-historischer-faltboote.de\/wp-content\/plugins\/master-slider\/public\/assets\/css\/blank.gif\" alt=\"\" title=\"\" data-src=\"http:\/\/freunde-historischer-faltboote.de\/wp-content\/uploads\/2020\/11\/PAX_PROSPEKT_5.jpg\" \/>\n\n\t\t\t\t\t<div class=\"ms-info\"><h3 style=\"text-align: center;\">Pax Prospekt<\/h3><p style=\"text-align: center;\">das S1 Sportboot<\/p><\/div>\n\n\n\t<img class=\"ms-thumb\" src=\"http:\/\/freunde-historischer-faltboote.de\/wp-content\/uploads\/2020\/11\/PAX_PROSPEKT_5-100x80.jpg\" alt=\"\" \/>\n\t<div class=\"ms-thumb\" ><div class=\"ms-tab-context\"><div class=&quot;ms-tab-context&quot;><\/div><\/div>\n<\/div>\n\t\t\t\t<\/div>\n\t\t\t\t<div  class=\"ms-slide\" data-delay=\"3\" data-fill-mode=\"fit\"  >\n\t\t\t\t\t<img src=\"http:\/\/freunde-historischer-faltboote.de\/wp-content\/plugins\/master-slider\/public\/assets\/css\/blank.gif\" alt=\"\" title=\"\" data-src=\"http:\/\/freunde-historischer-faltboote.de\/wp-content\/uploads\/2020\/11\/PAX_PROSPEKT_6.jpg\" \/>\n\n\t\t\t\t\t<div class=\"ms-info\"><h3 style=\"text-align: center;\">Pax Prospekt<\/h3><p style=\"text-align: center;\">der legend\u00e4re M3 Sportzweier<\/p><\/div>\n\n\n\t<img class=\"ms-thumb\" src=\"http:\/\/freunde-historischer-faltboote.de\/wp-content\/uploads\/2020\/11\/PAX_PROSPEKT_6-100x80.jpg\" alt=\"\" \/>\n\t<div class=\"ms-thumb\" ><div class=\"ms-tab-context\"><div class=&quot;ms-tab-context&quot;><\/div><\/div>\n<\/div>\n\t\t\t\t<\/div>\n\t\t\t\t<div  class=\"ms-slide\" data-delay=\"3\" data-fill-mode=\"fit\"  >\n\t\t\t\t\t<img src=\"http:\/\/freunde-historischer-faltboote.de\/wp-content\/plugins\/master-slider\/public\/assets\/css\/blank.gif\" alt=\"\" title=\"\" data-src=\"http:\/\/freunde-historischer-faltboote.de\/wp-content\/uploads\/2020\/11\/PAX_PROSPEKT_7.jpg\" \/>\n\n\t\t\t\t\t<div class=\"ms-info\"><h3 style=\"text-align: center;\">Pax Prospekt<\/h3><p style=\"text-align: center;\">Faltboot Zubeh\u00f6r<\/p><\/div>\n\n\n\t<img class=\"ms-thumb\" src=\"http:\/\/freunde-historischer-faltboote.de\/wp-content\/uploads\/2020\/11\/PAX_PROSPEKT_7-100x80.jpg\" alt=\"\" \/>\n\t<div class=\"ms-thumb\" ><div class=\"ms-tab-context\"><div class=&quot;ms-tab-context&quot;><\/div><\/div>\n<\/div>\n\t\t\t\t<\/div>\n\t\t\t\t<div  class=\"ms-slide\" data-delay=\"3\" data-fill-mode=\"fit\"  >\n\t\t\t\t\t<img src=\"http:\/\/freunde-historischer-faltboote.de\/wp-content\/plugins\/master-slider\/public\/assets\/css\/blank.gif\" alt=\"\" title=\"\" data-src=\"http:\/\/freunde-historischer-faltboote.de\/wp-content\/uploads\/2020\/11\/PAX_PROSPEKT_8.jpg\" \/>\n\n\t\t\t\t\t<div class=\"ms-info\"><h3 style=\"text-align: center;\">Pax Prospekt<\/h3><p style=\"text-align: center;\">Zelte aus mittelschwerem Baumwollgarn<\/p><\/div>\n\n\n\t<img class=\"ms-thumb\" src=\"http:\/\/freunde-historischer-faltboote.de\/wp-content\/uploads\/2020\/11\/PAX_PROSPEKT_8-100x80.jpg\" alt=\"\" \/>\n\t<div class=\"ms-thumb\" ><div class=\"ms-tab-context\"><div class=&quot;ms-tab-context&quot;><\/div><\/div>\n<\/div>\n\t\t\t\t<\/div>\n\t\t\t\t<div  class=\"ms-slide\" data-delay=\"3\" data-fill-mode=\"fit\"  >\n\t\t\t\t\t<img src=\"http:\/\/freunde-historischer-faltboote.de\/wp-content\/plugins\/master-slider\/public\/assets\/css\/blank.gif\" alt=\"\" title=\"\" data-src=\"http:\/\/freunde-historischer-faltboote.de\/wp-content\/uploads\/2020\/11\/PAX_PROSPEKT_9.jpg\" \/>\n\n\t\t\t\t\t<div class=\"ms-info\"><h3 style=\"text-align: center;\">Pax Prospekt<\/h3><p style=\"text-align: center;\">Preisliste<\/p><\/div>\n\n\n\t<img class=\"ms-thumb\" src=\"http:\/\/freunde-historischer-faltboote.de\/wp-content\/uploads\/2020\/11\/PAX_PROSPEKT_9-100x80.jpg\" alt=\"\" \/>\n\t<div class=\"ms-thumb\" ><div class=\"ms-tab-context\"><div class=&quot;ms-tab-context&quot;><\/div><\/div>\n<\/div>\n\t\t\t\t<\/div>\n\t\t\t\t<div  class=\"ms-slide\" data-delay=\"3\" data-fill-mode=\"fit\"  >\n\t\t\t\t\t<img src=\"http:\/\/freunde-historischer-faltboote.de\/wp-content\/plugins\/master-slider\/public\/assets\/css\/blank.gif\" alt=\"\" title=\"\" data-src=\"http:\/\/freunde-historischer-faltboote.de\/wp-content\/uploads\/2020\/11\/Werbeblatt_PAX.jpg\" \/>\n\n\t\t\t\t\t<div class=\"ms-info\"><h3 style=\"text-align: center;\">Pax Werbeblatt<\/h3><p style=\"text-align: center;\">der <strong>SPOWA Sport- und Wanderbedarfs GmbH<\/strong><\/p><\/div>\n\n\n\t<img class=\"ms-thumb\" src=\"http:\/\/freunde-historischer-faltboote.de\/wp-content\/uploads\/2020\/11\/Werbeblatt_PAX-100x80.jpg\" alt=\"\" \/>\n\t<div class=\"ms-thumb\" ><div class=\"ms-tab-context\"><div class=&quot;ms-tab-context&quot;><\/div><\/div>\n<\/div>\n\t\t\t\t<\/div>\n\n\t\t\t<\/div>\n\t\t\t<!-- END MasterSlider Main -->\n\n\t\t\t \n\t\t<\/div>\n\t\t<!-- END MasterSlider -->\n\n\t\t<script>\n\t\t(function ( $ ) {\n\t\t\t\"use strict\";\n\n\t\t\t$(function () {\n\t\t\t\tvar masterslider_01e9 = new MasterSlider();\n\n\t\t\t\t\/\/ slider controls\n\t\t\t\tmasterslider_01e9.control('arrows'     ,{ autohide:false, overVideo:true  });\n\t\t\t\tmasterslider_01e9.control('thumblist'  ,{ autohide:false, overVideo:true, dir:'h', speed:17, inset:false, arrows:false, hover:false, customClass:'', align:'bottom',type:'thumbs', margin:10, width:100, height:80, space:5, fillMode:'fill'  });\n\t\t\t\tmasterslider_01e9.control('slideinfo'  ,{ autohide:false, overVideo:true, dir:'h', align:'bottom',inset:false , margin:10   });\n\t\t\t\t\/\/ slider setup\n\t\t\t\tmasterslider_01e9.setup(\"MS69f33d75801e9\", {\n\t\t\t\t\t\twidth           : 800,\n\t\t\t\t\t\theight          : 1121,\n\t\t\t\t\t\tminHeight       : 0,\n\t\t\t\t\t\tspace           : 0,\n\t\t\t\t\t\tstart           : 1,\n\t\t\t\t\t\tgrabCursor      : true,\n\t\t\t\t\t\tswipe           : true,\n\t\t\t\t\t\tmouse           : true,\n\t\t\t\t\t\tlayout          : \"boxed\",\n\t\t\t\t\t\twheel           : false,\n\t\t\t\t\t\tautoplay        : false,\n\t\t\t\t\t\tinstantStartLayers:false,\n\t\t\t\t\t\tloop            : false,\n\t\t\t\t\t\tshuffle         : false,\n\t\t\t\t\t\tpreload         : 0,\n\t\t\t\t\t\theightLimit     : true,\n\t\t\t\t\t\tautoHeight      : true,\n\t\t\t\t\t\tsmoothHeight    : true,\n\t\t\t\t\t\tendPause        : false,\n\t\t\t\t\t\toverPause       : true,\n\t\t\t\t\t\tfillMode        : \"fill\",\n\t\t\t\t\t\tcenterControls  : true,\n\t\t\t\t\t\tstartOnAppear   : false,\n\t\t\t\t\t\tlayersMode      : \"center\",\n\t\t\t\t\t\thideLayers      : false,\n\t\t\t\t\t\tfullscreenMargin: 0,\n\t\t\t\t\t\tspeed           : 20,\n\t\t\t\t\t\tdir             : \"h\",\n\t\t\t\t\t\tparallaxMode    : 'swipe',\n\t\t\t\t\t\tview            : \"basic\"\n\t\t\t\t});\n\n\t\t\t\t\n\t\t\t\twindow.masterslider_instances = window.masterslider_instances || [];\n\t\t\t\twindow.masterslider_instances.push( masterslider_01e9 );\n\t\t\t });\n\n\t\t})(jQuery);\n\t\t<\/script>\n\n\n<p>PAX Modelle<br \/>\n\n\t\t<!-- MasterSlider -->\n\t\t<div id=\"P_MS69f33d759570d\" class=\"master-slider-parent msl ms-parent-id-16\" style=\"max-width:800px;\">\n\n\t\t\t\n\t\t\t<!-- MasterSlider Main -->\n\t\t\t<div id=\"MS69f33d759570d\" class=\"master-slider ms-skin-default\" >\n\t\t\t\t \t\t\t\t \n\t\t\t\t<div  class=\"ms-slide\" data-delay=\"3\" data-fill-mode=\"fit\"  >\n\t\t\t\t\t<img src=\"http:\/\/freunde-historischer-faltboote.de\/wp-content\/plugins\/master-slider\/public\/assets\/css\/blank.gif\" alt=\"\" title=\"\" data-src=\"http:\/\/freunde-historischer-faltboote.de\/wp-content\/uploads\/2021\/11\/PAX-M-3-b-3-261119-720x576.jpg\" \/>\n\n\t\t\t\t\t<div class=\"ms-info\"><h5 style=\"text-align: center;\">PAX M 3 b<\/h5><p style=\"text-align: center;\">550 x 80 cm<\/p><p style=\"text-align: center;\"><br \/><br \/><br \/><\/p><\/div>\n\n\n\t<img class=\"ms-thumb\" src=\"http:\/\/freunde-historischer-faltboote.de\/wp-content\/uploads\/2021\/11\/PAX-M-3-b-3-261119-100x80.jpg\" alt=\"\" \/>\n\t<div class=\"ms-thumb\" ><div class=\"ms-tab-context\"><div class=&quot;ms-tab-context&quot;><\/div><\/div>\n<\/div>\n\t\t\t\t<\/div>\n\t\t\t\t<div  class=\"ms-slide\" data-delay=\"3\" data-fill-mode=\"fit\"  >\n\t\t\t\t\t<img src=\"http:\/\/freunde-historischer-faltboote.de\/wp-content\/plugins\/master-slider\/public\/assets\/css\/blank.gif\" alt=\"\" title=\"\" data-src=\"http:\/\/freunde-historischer-faltboote.de\/wp-content\/uploads\/2021\/11\/PAX-M-3-b-261119-720x576.jpg\" \/>\n\n\t\t\t\t\t<div class=\"ms-info\"><h5 style=\"text-align: center;\">PAX M 3 b<\/h5><p style=\"text-align: center;\">550 x 80 cm<\/p><\/div>\n\n\n\t<img class=\"ms-thumb\" src=\"http:\/\/freunde-historischer-faltboote.de\/wp-content\/uploads\/2021\/11\/PAX-M-3-b-261119-100x80.jpg\" alt=\"\" \/>\n\t<div class=\"ms-thumb\" ><div class=\"ms-tab-context\"><div class=&quot;ms-tab-context&quot;><\/div><\/div>\n<\/div>\n\t\t\t\t<\/div>\n\t\t\t\t<div  class=\"ms-slide\" data-delay=\"3\" data-fill-mode=\"fit\"  >\n\t\t\t\t\t<img src=\"http:\/\/freunde-historischer-faltboote.de\/wp-content\/plugins\/master-slider\/public\/assets\/css\/blank.gif\" alt=\"\" title=\"\" data-src=\"http:\/\/freunde-historischer-faltboote.de\/wp-content\/uploads\/2021\/11\/PAX-M-3-b-1-261119-720x576.jpg\" \/>\n\n\t\t\t\t\t<div class=\"ms-info\"><h5 style=\"text-align: center;\">PAX M 3 b<\/h5><p style=\"text-align: center;\">550 x 80 cm<\/p><\/div>\n\n\n\t<img class=\"ms-thumb\" src=\"http:\/\/freunde-historischer-faltboote.de\/wp-content\/uploads\/2021\/11\/PAX-M-3-b-1-261119-100x80.jpg\" alt=\"\" \/>\n\t<div class=\"ms-thumb\" ><div class=\"ms-tab-context\"><div class=&quot;ms-tab-context&quot;><\/div><\/div>\n<\/div>\n\t\t\t\t<\/div>\n\t\t\t\t<div  class=\"ms-slide\" data-delay=\"3\" data-fill-mode=\"fit\"  >\n\t\t\t\t\t<img src=\"http:\/\/freunde-historischer-faltboote.de\/wp-content\/plugins\/master-slider\/public\/assets\/css\/blank.gif\" alt=\"\" title=\"\" data-src=\"http:\/\/freunde-historischer-faltboote.de\/wp-content\/uploads\/2021\/11\/PAX-M-3-b-2-261119-720x576.jpg\" \/>\n\n\t\t\t\t\t<div class=\"ms-info\"><h5 style=\"text-align: center;\">PAX M 3 b<\/h5><p style=\"text-align: center;\">550 x 80 cm<\/p><\/div>\n\n\n\t<img class=\"ms-thumb\" src=\"http:\/\/freunde-historischer-faltboote.de\/wp-content\/uploads\/2021\/11\/PAX-M-3-b-2-261119-100x80.jpg\" alt=\"\" \/>\n\t<div class=\"ms-thumb\" ><div class=\"ms-tab-context\"><div class=&quot;ms-tab-context&quot;><\/div><\/div>\n<\/div>\n\t\t\t\t<\/div>\n\t\t\t\t<div  class=\"ms-slide\" data-delay=\"3\" data-fill-mode=\"fit\"  >\n\t\t\t\t\t<img src=\"http:\/\/freunde-historischer-faltboote.de\/wp-content\/plugins\/master-slider\/public\/assets\/css\/blank.gif\" alt=\"\" title=\"\" data-src=\"http:\/\/freunde-historischer-faltboote.de\/wp-content\/uploads\/2021\/11\/PAX-Kurzzweier-4-261119-720x576.jpg\" \/>\n\n\t\t\t\t\t<div class=\"ms-info\"><h5 style=\"text-align: center;\">PAX Kurzzweier<\/h5><\/div>\n\n\n\t<img class=\"ms-thumb\" src=\"http:\/\/freunde-historischer-faltboote.de\/wp-content\/uploads\/2021\/11\/PAX-Kurzzweier-4-261119-100x80.jpg\" alt=\"\" \/>\n\t<div class=\"ms-thumb\" ><div class=\"ms-tab-context\"><div class=&quot;ms-tab-context&quot;><\/div><\/div>\n<\/div>\n\t\t\t\t<\/div>\n\t\t\t\t<div  class=\"ms-slide\" data-delay=\"3\" data-fill-mode=\"fit\"  >\n\t\t\t\t\t<img src=\"http:\/\/freunde-historischer-faltboote.de\/wp-content\/plugins\/master-slider\/public\/assets\/css\/blank.gif\" alt=\"\" title=\"\" data-src=\"http:\/\/freunde-historischer-faltboote.de\/wp-content\/uploads\/2021\/11\/PAX-Kurzzweier-261119-720x576.jpg\" \/>\n\n\t\t\t\t\t<div class=\"ms-info\"><h5 style=\"text-align: center;\">PAX Kurzzweier<\/h5><\/div>\n\n\n\t<img class=\"ms-thumb\" src=\"http:\/\/freunde-historischer-faltboote.de\/wp-content\/uploads\/2021\/11\/PAX-Kurzzweier-261119-100x80.jpg\" alt=\"\" \/>\n\t<div class=\"ms-thumb\" ><div class=\"ms-tab-context\"><div class=&quot;ms-tab-context&quot;><\/div><\/div>\n<\/div>\n\t\t\t\t<\/div>\n\t\t\t\t<div  class=\"ms-slide\" data-delay=\"3\" data-fill-mode=\"fit\"  >\n\t\t\t\t\t<img src=\"http:\/\/freunde-historischer-faltboote.de\/wp-content\/plugins\/master-slider\/public\/assets\/css\/blank.gif\" alt=\"\" title=\"\" data-src=\"http:\/\/freunde-historischer-faltboote.de\/wp-content\/uploads\/2021\/11\/PAX-Kurzzweier-1-261119-720x576.jpg\" \/>\n\n\t\t\t\t\t<div class=\"ms-info\"><h5 style=\"text-align: center;\">PAX Kurzzweier<\/h5><\/div>\n\n\n\t<img class=\"ms-thumb\" src=\"http:\/\/freunde-historischer-faltboote.de\/wp-content\/uploads\/2021\/11\/PAX-Kurzzweier-1-261119-100x80.jpg\" alt=\"\" \/>\n\t<div class=\"ms-thumb\" ><div class=\"ms-tab-context\"><div class=&quot;ms-tab-context&quot;><\/div><\/div>\n<\/div>\n\t\t\t\t<\/div>\n\t\t\t\t<div  class=\"ms-slide\" data-delay=\"3\" data-fill-mode=\"fill\"  >\n\t\t\t\t\t<img src=\"http:\/\/freunde-historischer-faltboote.de\/wp-content\/plugins\/master-slider\/public\/assets\/css\/blank.gif\" alt=\"\" title=\"\" data-src=\"http:\/\/freunde-historischer-faltboote.de\/wp-content\/uploads\/2021\/11\/PAX-Kurzzweier-2-261119-720x576.jpg\" \/>\n\n\t\t\t\t\t<div class=\"ms-info\"><h5 style=\"text-align: center;\">PAX Kurzzweier<\/h5><\/div>\n\n\n\t<img class=\"ms-thumb\" src=\"http:\/\/freunde-historischer-faltboote.de\/wp-content\/uploads\/2021\/11\/PAX-Kurzzweier-2-261119-100x80.jpg\" alt=\"\" \/>\n\t<div class=\"ms-thumb\" ><div class=\"ms-tab-context\"><div class=&quot;ms-tab-context&quot;><\/div><\/div>\n<\/div>\n\t\t\t\t<\/div>\n\t\t\t\t<div  class=\"ms-slide\" data-delay=\"3\" data-fill-mode=\"fill\"  >\n\t\t\t\t\t<img src=\"http:\/\/freunde-historischer-faltboote.de\/wp-content\/plugins\/master-slider\/public\/assets\/css\/blank.gif\" alt=\"\" title=\"\" data-src=\"http:\/\/freunde-historischer-faltboote.de\/wp-content\/uploads\/2021\/11\/PAX-Kurzzweier-3-261119-720x576.jpg\" \/>\n\n\t\t\t\t\t<div class=\"ms-info\"><h5 style=\"text-align: center;\">PAX Kurzzweier<\/h5><\/div>\n\n\n\t<img class=\"ms-thumb\" src=\"http:\/\/freunde-historischer-faltboote.de\/wp-content\/uploads\/2021\/11\/PAX-Kurzzweier-3-261119-100x80.jpg\" alt=\"\" \/>\n\t<div class=\"ms-thumb\" ><div class=\"ms-tab-context\"><div class=&quot;ms-tab-context&quot;><\/div><\/div>\n<\/div>\n\t\t\t\t<\/div>\n\t\t\t\t<div  class=\"ms-slide\" data-delay=\"3\" data-fill-mode=\"fill\"  >\n\t\t\t\t\t<img src=\"http:\/\/freunde-historischer-faltboote.de\/wp-content\/plugins\/master-slider\/public\/assets\/css\/blank.gif\" alt=\"\" title=\"\" data-src=\"http:\/\/freunde-historischer-faltboote.de\/wp-content\/uploads\/2021\/11\/PAX-S-I-3-261119-720x576.jpg\" \/>\n\n\t\t\t\t\t<div class=\"ms-info\"><p style=\"text-align: center;\"><strong>PAX S I<\/strong><\/p><p style=\"text-align: center;\"><br \/>Sporteiner<\/p><\/div>\n\n\n\t<img class=\"ms-thumb\" src=\"http:\/\/freunde-historischer-faltboote.de\/wp-content\/uploads\/2021\/11\/PAX-S-I-3-261119-100x80.jpg\" alt=\"\" \/>\n\t<div class=\"ms-thumb\" ><div class=\"ms-tab-context\"><div class=&quot;ms-tab-context&quot;><\/div><\/div>\n<\/div>\n\t\t\t\t<\/div>\n\t\t\t\t<div  class=\"ms-slide\" data-delay=\"3\" data-fill-mode=\"fit\"  >\n\t\t\t\t\t<img src=\"http:\/\/freunde-historischer-faltboote.de\/wp-content\/plugins\/master-slider\/public\/assets\/css\/blank.gif\" alt=\"\" title=\"\" data-src=\"http:\/\/freunde-historischer-faltboote.de\/wp-content\/uploads\/2021\/11\/PAX-S-I-261119-1-720x576.jpg\" \/>\n\n\t\t\t\t\t<div class=\"ms-info\"><p style=\"text-align: center;\"><strong>PAX S I<\/strong><\/p><p style=\"text-align: center;\"><br \/>Sporteiner<\/p><\/div>\n\n\n\t<img class=\"ms-thumb\" src=\"http:\/\/freunde-historischer-faltboote.de\/wp-content\/uploads\/2021\/11\/PAX-S-I-261119-1-100x80.jpg\" alt=\"\" \/>\n\t<div class=\"ms-thumb\" ><div class=\"ms-tab-context\"><div class=&quot;ms-tab-context&quot;><\/div><\/div>\n<\/div>\n\t\t\t\t<\/div>\n\t\t\t\t<div  class=\"ms-slide\" data-delay=\"3\" data-fill-mode=\"fit\"  >\n\t\t\t\t\t<img src=\"http:\/\/freunde-historischer-faltboote.de\/wp-content\/plugins\/master-slider\/public\/assets\/css\/blank.gif\" alt=\"\" title=\"\" data-src=\"http:\/\/freunde-historischer-faltboote.de\/wp-content\/uploads\/2021\/11\/PAX-S-I-1-261119-1-720x576.jpg\" \/>\n\n\t\t\t\t\t<div class=\"ms-info\"><p style=\"text-align: center;\"><strong>PAX S I<\/strong><\/p><p style=\"text-align: center;\"><br \/>Sporteiner<\/p><\/div>\n\n\n\t<img class=\"ms-thumb\" src=\"http:\/\/freunde-historischer-faltboote.de\/wp-content\/uploads\/2021\/11\/PAX-S-I-1-261119-1-100x80.jpg\" alt=\"\" \/>\n\t<div class=\"ms-thumb\" ><div class=\"ms-tab-context\"><div class=&quot;ms-tab-context&quot;><\/div><\/div>\n<\/div>\n\t\t\t\t<\/div>\n\t\t\t\t<div  class=\"ms-slide\" data-delay=\"3\" data-fill-mode=\"fit\"  >\n\t\t\t\t\t<img src=\"http:\/\/freunde-historischer-faltboote.de\/wp-content\/plugins\/master-slider\/public\/assets\/css\/blank.gif\" alt=\"\" title=\"\" data-src=\"http:\/\/freunde-historischer-faltboote.de\/wp-content\/uploads\/2021\/11\/PAX-S-I-2-261119-720x576.jpg\" \/>\n\n\t\t\t\t\t<div class=\"ms-info\"><strong>PAX S I<br \/><\/strong> <br \/>Sporteiner<\/div>\n\n\n\t<img class=\"ms-thumb\" src=\"http:\/\/freunde-historischer-faltboote.de\/wp-content\/uploads\/2021\/11\/PAX-S-I-2-261119-100x80.jpg\" alt=\"\" \/>\n\t<div class=\"ms-thumb\" ><div class=\"ms-tab-context\"><div class=&quot;ms-tab-context&quot;><\/div><\/div>\n<\/div>\n\t\t\t\t<\/div>\n\t\t\t\t<div  class=\"ms-slide\" data-delay=\"3\" data-fill-mode=\"fit\"  >\n\t\t\t\t\t<img src=\"http:\/\/freunde-historischer-faltboote.de\/wp-content\/plugins\/master-slider\/public\/assets\/css\/blank.gif\" alt=\"\" title=\"\" data-src=\"http:\/\/freunde-historischer-faltboote.de\/wp-content\/uploads\/2021\/11\/PAX-S-II-4-261119-scaled-720x576.jpg\" \/>\n\n\t\t\t\t\t<div class=\"ms-info\"><h5 style=\"text-align: center;\"><strong>PAX S II<\/strong><\/h5><h5 style=\"text-align: center;\">Slalom<\/h5><\/div>\n\n\n\t<img class=\"ms-thumb\" src=\"http:\/\/freunde-historischer-faltboote.de\/wp-content\/uploads\/2021\/11\/PAX-S-II-4-261119-scaled-100x80.jpg\" alt=\"\" \/>\n\t<div class=\"ms-thumb\" ><div class=\"ms-tab-context\"><div class=&quot;ms-tab-context&quot;><\/div><\/div>\n<\/div>\n\t\t\t\t<\/div>\n\t\t\t\t<div  class=\"ms-slide\" data-delay=\"3\" data-fill-mode=\"fit\"  >\n\t\t\t\t\t<img src=\"http:\/\/freunde-historischer-faltboote.de\/wp-content\/plugins\/master-slider\/public\/assets\/css\/blank.gif\" alt=\"\" title=\"\" data-src=\"http:\/\/freunde-historischer-faltboote.de\/wp-content\/uploads\/2021\/11\/PAX-S-II-261119-scaled-720x576.jpg\" \/>\n\n\t\t\t\t\t<div class=\"ms-info\"><h5 style=\"text-align: center;\"><strong>PAX S II<\/strong><\/h5><h5 style=\"text-align: center;\">Slalom<\/h5><\/div>\n\n\n\t<img class=\"ms-thumb\" src=\"http:\/\/freunde-historischer-faltboote.de\/wp-content\/uploads\/2021\/11\/PAX-S-II-261119-scaled-100x80.jpg\" alt=\"\" \/>\n\t<div class=\"ms-thumb\" ><div class=\"ms-tab-context\"><div class=&quot;ms-tab-context&quot;><\/div><\/div>\n<\/div>\n\t\t\t\t<\/div>\n\t\t\t\t<div  class=\"ms-slide\" data-delay=\"3\" data-fill-mode=\"fit\"  >\n\t\t\t\t\t<img src=\"http:\/\/freunde-historischer-faltboote.de\/wp-content\/plugins\/master-slider\/public\/assets\/css\/blank.gif\" alt=\"\" title=\"\" data-src=\"http:\/\/freunde-historischer-faltboote.de\/wp-content\/uploads\/2021\/11\/PAX-S-II-1-261119-scaled-720x576.jpg\" \/>\n\n\t\t\t\t\t<div class=\"ms-info\"><h5 style=\"text-align: center;\"><strong>PAX S II<\/strong><\/h5><h5 style=\"text-align: center;\">Slalom<\/h5><\/div>\n\n\n\t<img class=\"ms-thumb\" src=\"http:\/\/freunde-historischer-faltboote.de\/wp-content\/uploads\/2021\/11\/PAX-S-II-1-261119-scaled-100x80.jpg\" alt=\"\" \/>\n\t<div class=\"ms-thumb\" ><div class=\"ms-tab-context\"><div class=&quot;ms-tab-context&quot;><\/div><\/div>\n<\/div>\n\t\t\t\t<\/div>\n\t\t\t\t<div  class=\"ms-slide\" data-delay=\"3\" data-fill-mode=\"fit\"  >\n\t\t\t\t\t<img src=\"http:\/\/freunde-historischer-faltboote.de\/wp-content\/plugins\/master-slider\/public\/assets\/css\/blank.gif\" alt=\"\" title=\"\" data-src=\"http:\/\/freunde-historischer-faltboote.de\/wp-content\/uploads\/2021\/11\/PAX-S-II-2-261119-scaled-720x576.jpg\" \/>\n\n\t\t\t\t\t<div class=\"ms-info\"><h5 style=\"text-align: center;\"><strong>PAX S II<\/strong><\/h5><h5 style=\"text-align: center;\">Slalom<\/h5><\/div>\n\n\n\t<img class=\"ms-thumb\" src=\"http:\/\/freunde-historischer-faltboote.de\/wp-content\/uploads\/2021\/11\/PAX-S-II-2-261119-scaled-100x80.jpg\" alt=\"\" \/>\n\t<div class=\"ms-thumb\" ><div class=\"ms-tab-context\"><div class=&quot;ms-tab-context&quot;><\/div><\/div>\n<\/div>\n\t\t\t\t<\/div>\n\t\t\t\t<div  class=\"ms-slide\" data-delay=\"3\" data-fill-mode=\"fit\"  >\n\t\t\t\t\t<img src=\"http:\/\/freunde-historischer-faltboote.de\/wp-content\/plugins\/master-slider\/public\/assets\/css\/blank.gif\" alt=\"\" title=\"\" data-src=\"http:\/\/freunde-historischer-faltboote.de\/wp-content\/uploads\/2021\/11\/PAX-S-II-3-261119-scaled-720x576.jpg\" \/>\n\n\t\t\t\t\t<div class=\"ms-info\"><h5 style=\"text-align: center;\"><strong>PAX S II<\/strong><\/h5><h5 style=\"text-align: center;\">Slalom<\/h5><\/div>\n\n\n\t<img class=\"ms-thumb\" src=\"http:\/\/freunde-historischer-faltboote.de\/wp-content\/uploads\/2021\/11\/PAX-S-II-3-261119-scaled-100x80.jpg\" alt=\"\" \/>\n\t<div class=\"ms-thumb\" ><div class=\"ms-tab-context\"><div class=&quot;ms-tab-context&quot;><\/div><\/div>\n<\/div>\n\t\t\t\t<\/div>\n\t\t\t\t<div  class=\"ms-slide\" data-delay=\"3\" data-fill-mode=\"fit\"  >\n\t\t\t\t\t<img src=\"http:\/\/freunde-historischer-faltboote.de\/wp-content\/plugins\/master-slider\/public\/assets\/css\/blank.gif\" alt=\"\" title=\"\" data-src=\"http:\/\/freunde-historischer-faltboote.de\/wp-content\/uploads\/2021\/12\/PAX-M-3-3-261119-720x576.jpg\" \/>\n\n\t\t\t\t\t<div class=\"ms-info\"><h5 style=\"text-align: center;\"><strong>PAX M3<\/strong><\/h5><h5 style=\"text-align: center;\">\u00a0<\/h5><\/div>\n\n\n\t<img class=\"ms-thumb\" src=\"http:\/\/freunde-historischer-faltboote.de\/wp-content\/uploads\/2021\/12\/PAX-M-3-3-261119-100x80.jpg\" alt=\"\" \/>\n\t<div class=\"ms-thumb\" ><div class=\"ms-tab-context\"><div class=&quot;ms-tab-context&quot;><\/div><\/div>\n<\/div>\n\t\t\t\t<\/div>\n\t\t\t\t<div  class=\"ms-slide\" data-delay=\"3\" data-fill-mode=\"fit\"  >\n\t\t\t\t\t<img src=\"http:\/\/freunde-historischer-faltboote.de\/wp-content\/plugins\/master-slider\/public\/assets\/css\/blank.gif\" alt=\"\" title=\"\" data-src=\"http:\/\/freunde-historischer-faltboote.de\/wp-content\/uploads\/2021\/12\/PAX-M-3-261119-720x576.jpg\" \/>\n\n\t\t\t\t\t<div class=\"ms-info\"><h5 style=\"text-align: center;\"><strong>PAX M3<\/strong><\/h5><\/div>\n\n\n\t<img class=\"ms-thumb\" src=\"http:\/\/freunde-historischer-faltboote.de\/wp-content\/uploads\/2021\/12\/PAX-M-3-261119-100x80.jpg\" alt=\"\" \/>\n\t<div class=\"ms-thumb\" ><div class=\"ms-tab-context\"><div class=&quot;ms-tab-context&quot;><\/div><\/div>\n<\/div>\n\t\t\t\t<\/div>\n\t\t\t\t<div  class=\"ms-slide\" data-delay=\"3\" data-fill-mode=\"fit\"  >\n\t\t\t\t\t<img src=\"http:\/\/freunde-historischer-faltboote.de\/wp-content\/plugins\/master-slider\/public\/assets\/css\/blank.gif\" alt=\"\" title=\"\" data-src=\"http:\/\/freunde-historischer-faltboote.de\/wp-content\/uploads\/2021\/12\/PAX-M-3-1-261119-720x576.jpg\" \/>\n\n\t\t\t\t\t<div class=\"ms-info\"><h5 style=\"text-align: center;\"><strong>PAX M3<\/strong><\/h5><\/div>\n\n\n\t<img class=\"ms-thumb\" src=\"http:\/\/freunde-historischer-faltboote.de\/wp-content\/uploads\/2021\/12\/PAX-M-3-1-261119-100x80.jpg\" alt=\"\" \/>\n\t<div class=\"ms-thumb\" ><div class=\"ms-tab-context\"><div class=&quot;ms-tab-context&quot;><\/div><\/div>\n<\/div>\n\t\t\t\t<\/div>\n\t\t\t\t<div  class=\"ms-slide\" data-delay=\"3\" data-fill-mode=\"fit\"  >\n\t\t\t\t\t<img src=\"http:\/\/freunde-historischer-faltboote.de\/wp-content\/plugins\/master-slider\/public\/assets\/css\/blank.gif\" alt=\"\" title=\"\" data-src=\"http:\/\/freunde-historischer-faltboote.de\/wp-content\/uploads\/2021\/12\/PAX-M-3-2-261119-720x576.jpg\" \/>\n\n\t\t\t\t\t<div class=\"ms-info\"><h5 style=\"text-align: center;\"><strong>PAX M3<\/strong><\/h5><\/div>\n\n\n\t<img class=\"ms-thumb\" src=\"http:\/\/freunde-historischer-faltboote.de\/wp-content\/uploads\/2021\/12\/PAX-M-3-2-261119-100x80.jpg\" alt=\"\" \/>\n\t<div class=\"ms-thumb\" ><div class=\"ms-tab-context\"><div class=&quot;ms-tab-context&quot;><\/div><\/div>\n<\/div>\n\t\t\t\t<\/div>\n\n\t\t\t<\/div>\n\t\t\t<!-- END MasterSlider Main -->\n\n\t\t\t \n\t\t<\/div>\n\t\t<!-- END MasterSlider -->\n\n\t\t<script>\n\t\t(function ( $ ) {\n\t\t\t\"use strict\";\n\n\t\t\t$(function () {\n\t\t\t\tvar masterslider_570d = new MasterSlider();\n\n\t\t\t\t\/\/ slider controls\n\t\t\t\tmasterslider_570d.control('arrows'     ,{ autohide:false, overVideo:true  });\n\t\t\t\tmasterslider_570d.control('thumblist'  ,{ autohide:false, overVideo:true, dir:'h', speed:17, inset:false, arrows:false, hover:false, customClass:'', align:'bottom',type:'thumbs', margin:10, width:100, height:80, space:5, fillMode:'fill'  });\n\t\t\t\tmasterslider_570d.control('slideinfo'  ,{ autohide:false, overVideo:true, dir:'h', align:'bottom',inset:false , margin:10   });\n\t\t\t\t\/\/ slider setup\n\t\t\t\tmasterslider_570d.setup(\"MS69f33d759570d\", {\n\t\t\t\t\t\twidth           : 720,\n\t\t\t\t\t\theight          : 576,\n\t\t\t\t\t\tminHeight       : 0,\n\t\t\t\t\t\tspace           : 0,\n\t\t\t\t\t\tstart           : 1,\n\t\t\t\t\t\tgrabCursor      : true,\n\t\t\t\t\t\tswipe           : true,\n\t\t\t\t\t\tmouse           : true,\n\t\t\t\t\t\tlayout          : \"boxed\",\n\t\t\t\t\t\twheel           : false,\n\t\t\t\t\t\tautoplay        : false,\n\t\t\t\t\t\tinstantStartLayers:false,\n\t\t\t\t\t\tloop            : false,\n\t\t\t\t\t\tshuffle         : false,\n\t\t\t\t\t\tpreload         : 0,\n\t\t\t\t\t\theightLimit     : true,\n\t\t\t\t\t\tautoHeight      : true,\n\t\t\t\t\t\tsmoothHeight    : true,\n\t\t\t\t\t\tendPause        : false,\n\t\t\t\t\t\toverPause       : true,\n\t\t\t\t\t\tfillMode        : \"fill\",\n\t\t\t\t\t\tcenterControls  : true,\n\t\t\t\t\t\tstartOnAppear   : false,\n\t\t\t\t\t\tlayersMode      : \"center\",\n\t\t\t\t\t\thideLayers      : false,\n\t\t\t\t\t\tfullscreenMargin: 0,\n\t\t\t\t\t\tspeed           : 20,\n\t\t\t\t\t\tdir             : \"h\",\n\t\t\t\t\t\tparallaxMode    : 'swipe',\n\t\t\t\t\t\tview            : \"basic\"\n\t\t\t\t});\n\n\t\t\t\t\n\t\t\t\twindow.masterslider_instances = window.masterslider_instances || [];\n\t\t\t\twindow.masterslider_instances.push( masterslider_570d );\n\t\t\t });\n\n\t\t})(jQuery);\n\t\t<\/script>\n\n<\/p>\n<p>Artikel: Ralf Petsching<br \/>\nUmsetzung: der Michl<\/p>\n","protected":false},"excerpt":{"rendered":"<p>Faltboot PAX aus Sonneberg Wer sich mit Faltbooten aus der ehemaligen DDR besch\u00e4ftigt, wird fr\u00fcher oder sp\u00e4ter auf Faltboote mit dem Namen PAX aus Sonneberg sto\u00dfen. PAX Faltboote wurden in der Zeit von 1951 bis 1955 in Sonneberg in der ehemaligen DDR produziert. Besonders die Zweier sind noch recht zahlreich in den Bootsh\u00e4usern der neuen Bundesl\u00e4nder zu finden, wenn auch [&hellip;]<\/p>\n","protected":false},"author":1,"featured_media":0,"comment_status":"closed","ping_status":"open","sticky":false,"template":"","format":"standard","meta":[],"categories":[1],"tags":[],"_links":{"self":[{"href":"http:\/\/freunde-historischer-faltboote.de\/index.php?rest_route=\/wp\/v2\/posts\/1078"}],"collection":[{"href":"http:\/\/freunde-historischer-faltboote.de\/index.php?rest_route=\/wp\/v2\/posts"}],"about":[{"href":"http:\/\/freunde-historischer-faltboote.de\/index.php?rest_route=\/wp\/v2\/types\/post"}],"author":[{"embeddable":true,"href":"http:\/\/freunde-historischer-faltboote.de\/index.php?rest_route=\/wp\/v2\/users\/1"}],"replies":[{"embeddable":true,"href":"http:\/\/freunde-historischer-faltboote.de\/index.php?rest_route=%2Fwp%2Fv2%2Fcomments&post=1078"}],"version-history":[{"count":9,"href":"http:\/\/freunde-historischer-faltboote.de\/index.php?rest_route=\/wp\/v2\/posts\/1078\/revisions"}],"predecessor-version":[{"id":1180,"href":"http:\/\/freunde-historischer-faltboote.de\/index.php?rest_route=\/wp\/v2\/posts\/1078\/revisions\/1180"}],"wp:attachment":[{"href":"http:\/\/freunde-historischer-faltboote.de\/index.php?rest_route=%2Fwp%2Fv2%2Fmedia&parent=1078"}],"wp:term":[{"taxonomy":"category","embeddable":true,"href":"http:\/\/freunde-historischer-faltboote.de\/index.php?rest_route=%2Fwp%2Fv2%2Fcategories&post=1078"},{"taxonomy":"post_tag","embeddable":true,"href":"http:\/\/freunde-historischer-faltboote.de\/index.php?rest_route=%2Fwp%2Fv2%2Ftags&post=1078"}],"curies":[{"name":"wp","href":"https:\/\/api.w.org\/{rel}","templated":true}]}}